{"id":2641,"date":"2026-03-20T12:52:37","date_gmt":"2026-03-20T11:52:37","guid":{"rendered":"https:\/\/vallsmadella.com\/?p=2641"},"modified":"2026-03-20T12:53:07","modified_gmt":"2026-03-20T11:53:07","slug":"adaptar-vehicle-industrial-negoci","status":"publish","type":"post","link":"https:\/\/vallsmadella.com\/es\/adaptar-vehicle-industrial-negoci\/","title":{"rendered":"C\u00f3mo adaptar un veh\u00edculo industrial a las necesidades reales de tu negocio"},"content":{"rendered":"<p>Cuando un profesional se plantea comprar un veh\u00edculo industrial, suele pensar primero en la potencia, consumo o precio. <strong>Pero la decisi\u00f3n m\u00e1s importante suele ser otra, c\u00f3mo se adaptar\u00e1 este veh\u00edculo al trabajo real que vas a realizar cada d\u00eda.<\/strong><\/p>\n\n\n\n<p>Porque no es lo mismo transportar herramientas que repartir mercanc\u00eda refrigerada. Tampoco da igual mover material de obra que trabajar con un equipo de t\u00e9cnicos que necesitan viajar juntos.<\/p>\n\n\n\n<p><strong>Un veh\u00edculo industrial no es s\u00f3lo un veh\u00edculo. Es una herramienta de trabajo.<\/strong><\/p>\n\n\n\n<p>Y como cualquier herramienta, es necesario configurarla correctamente desde el principio.<\/p>\n\n\n\n<h2 class=\"wp-block-heading\">Elegir bien la cabina cambia el d\u00eda a d\u00eda<\/h2>\n\n\n\n<p>Uno de los primeros aspectos a valorar es el tipo de cabina. <strong>Parece una decisi\u00f3n menor, pero en la pr\u00e1ctica determina c\u00f3mo vas a trabajar durante a\u00f1os.<\/strong><\/p>\n\n\n\n<p>Si trabajas solo o con un ayudante puntual, una cabina est\u00e1ndar suele ser suficiente. Es la opci\u00f3n m\u00e1s compacta y tambi\u00e9n la m\u00e1s ligera, lo que puede ser relevante cuando necesitas optimizar la carga \u00fatil.<\/p>\n\n\n\n<p>En cambio, cuando el trabajo implica desplazarse con un peque\u00f1o equipo -instaladores, t\u00e9cnicos de mantenimiento o cuadrillas de obra- <strong>una cabina ampliada o doble puede marcar la diferencia.<\/strong><\/p>\n\n\n\n<p>Permite transportar a varias personas con comodidad y evita tener que utilizar dos veh\u00edculos para una misma intervenci\u00f3n.<\/p>\n\n\n\n<p><strong>A largo plazo, esta decisi\u00f3n afecta tanto a la operativa diaria como a los costes de desplazamiento.<\/strong><\/p>\n\n\n\n<h2 class=\"wp-block-heading\">La carrocer\u00eda define realmente el veh\u00edculo<\/h2>\n\n\n\n<p>Si la cabina determina qui\u00e9n viaja al veh\u00edculo, <strong>la carrocer\u00eda define qu\u00e9 trabajo puede realizar.<\/strong><\/p>\n\n\n\n<p>Muchos profesionales necesitan una plataforma abierta. Es una soluci\u00f3n muy vers\u00e1til para transportar maquinaria, materiales de obra, herramientas voluminosas o pal\u00e9s que se cargan y descargan con frecuencia.<\/p>\n\n\n\n<p>En otros casos, lo que se busca es una caja cerrada que proteja la mercanc\u00eda. <strong>Esta configuraci\u00f3n es habitual en empresas de distribuci\u00f3n, servicios t\u00e9cnicos o transporte de materiales sensibles al clima.<\/strong><\/p>\n\n\n\n<p>Tambi\u00e9n existen soluciones m\u00e1s espec\u00edficas.<\/p>\n\n\n\n<p>Los veh\u00edculos isotermos o refrigerados son habituales en sectores como la alimentaci\u00f3n, la hosteler\u00eda o la log\u00edstica de productos frescos. <strong>Mantienen una temperatura controlada durante todo el trayecto y permite cumplir los requisitos sanitarios del transporte.<\/strong><\/p>\n\n\n\n<p>Por otra parte, en actividades relacionadas con la construcci\u00f3n o la jardiner\u00eda, es frecuente optar por un volquete. <strong>Este tipo de caja basculante facilita la descarga de materiales como arena, escombros o grava, reduciendo tiempo y esfuerzo en obra.<\/strong><\/p>\n\n\n\n<p>Cada configuraci\u00f3n responde a una necesidad muy concreta.<\/p>\n\n\n\n<figure class=\"wp-block-image size-large\"><img fetchpriority=\"high\" decoding=\"async\" width=\"1024\" height=\"683\" src=\"https:\/\/vallsmadella.com\/wp-content\/uploads\/2025\/08\/maquinaria-nova-1024x683.png\" alt=\"\" class=\"wp-image-2549\" srcset=\"https:\/\/vallsmadella.com\/wp-content\/uploads\/2025\/08\/maquinaria-nova-1024x683.png 1024w, https:\/\/vallsmadella.com\/wp-content\/uploads\/2025\/08\/maquinaria-nova-300x200.png 300w, https:\/\/vallsmadella.com\/wp-content\/uploads\/2025\/08\/maquinaria-nova-768x512.png 768w, https:\/\/vallsmadella.com\/wp-content\/uploads\/2025\/08\/maquinaria-nova-18x12.png 18w, https:\/\/vallsmadella.com\/wp-content\/uploads\/2025\/08\/maquinaria-nova.png 1536w\" sizes=\"(max-width: 1024px) 100vw, 1024px\" \/><\/figure>\n\n\n\n<h2 class=\"wp-block-heading\">Adaptar el veh\u00edculo al sector marca la diferencia<\/h2>\n\n\n\n<p>La clave no es s\u00f3lo elegir un veh\u00edculo robusto o fiable. <strong>La clave est\u00e1 en adaptarlo al uso real que tendr\u00e1 en tu actividad profesional.<\/strong><\/p>\n\n\n\n<p>Un instalador el\u00e9ctrico probablemente necesitar\u00e1 una carrocer\u00eda cerrada con compartimentos interiores para organizar herramientas y material. Un profesional de la construcci\u00f3n valorar\u00e1 m\u00e1s una plataforma resistente o un volquete que agilice el trabajo en obra.<\/p>\n\n\n\n<p>En log\u00edstica urbana, en cambio, suele buscarse una combinaci\u00f3n de accesibilidad, volumen de carga y maniobrabilidad. <strong>El veh\u00edculo debe moverse con facilidad por ciudad, pero al mismo tiempo ofrecer espacio suficiente para la distribuci\u00f3n diaria.<\/strong><\/p>\n\n\n\n<p>Por eso no hay una \u00fanica configuraci\u00f3n correcta. <strong>Cada sector trabaja de forma diferente, y el veh\u00edculo debe adaptarse a esta realidad.<\/strong><\/p>\n\n\n\n<h2 class=\"wp-block-heading\">Pensar en el uso futuro, no s\u00f3lo en la compra<\/h2>\n\n\n\n<p>Muchas empresas cometen el mismo error al comprar un veh\u00edculo industrial: pensar s\u00f3lo en el momento actual.<\/p>\n\n\n\n<p>Sin embargo, un cami\u00f3n ligero o una pick-up de trabajo suele estar a\u00f1os en la empresa. <strong>Durante ese tiempo, el volumen de actividad puede crecer, el equipo puede ampliarse o las necesidades log\u00edsticas pueden cambiar.<\/strong><\/p>\n\n\n\n<p>Elegir una configuraci\u00f3n flexible puede evitar limitaciones en el futuro.<\/p>\n\n\n\n<p>Por ejemplo, optar por una cabina doble cuando el equipo est\u00e1 creciendo o elegir una carrocer\u00eda que permita integrar equipamiento adicional m\u00e1s adelante.<\/p>\n\n\n\n<p><strong>Un veh\u00edculo bien configurado desde el principio no s\u00f3lo mejora la operativa diaria. Tambi\u00e9n prolonga su utilidad dentro de la empresa.<\/strong><\/p>\n\n\n\n<h2 class=\"wp-block-heading\">El valor del asesoramiento t\u00e9cnico<\/h2>\n\n\n\n<p>Escoger un veh\u00edculo industrial no deber\u00eda ser s\u00f3lo una cuesti\u00f3n de cat\u00e1logo.<\/p>\n\n\n\n<p>En la pr\u00e1ctica, lo importante es analizar c\u00f3mo trabaja la empresa, qu\u00e9 tipo de carga transporta, cu\u00e1ntas personas utilizan el veh\u00edculo y en qu\u00e9 entorno se mover\u00e1. <strong>A partir de ah\u00ed es cuando tiene sentido hablar de modelos, cabinas o configuraciones.<\/strong><\/p>\n\n\n\n<p>Este enfoque permite encontrar una soluci\u00f3n que realmente funcione al d\u00eda a d\u00eda.<\/p>\n\n\n\n<p>En <strong>Boadella Vallsmadella,<\/strong>, el proceso suele empezar precisamente as\u00ed: entendiendo primero la actividad del cliente. A partir de esta base se puede recomendar el veh\u00edculo y la configuraci\u00f3n m\u00e1s adecuada, ya sea dentro de gamas como <strong>Isuzu Serie N, Serie F o D-MAX<\/strong>, o mediante adaptaciones espec\u00edficas seg\u00fan el sector.<\/p>\n\n\n\n<p><strong>Porque al final, lo importante no es s\u00f3lo comprar un veh\u00edculo.<\/strong><\/p>\n\n\n\n<p><strong>Es asegurarse de que est\u00e1 listo para trabajar contigo desde el primer d\u00eda.<\/strong><\/p>","protected":false},"excerpt":{"rendered":"<p>Cuando un profesional se plantea comprar un veh\u00edculo industrial, suele pensar primero en la potencia, consumo o precio. Pero la decisi\u00f3n m\u00e1s importante suele ser otra, c\u00f3mo se adaptar\u00e1 este veh\u00edculo al trabajo real que vas a realizar cada d\u00eda. Porque no es lo mismo transportar herramientas que repartir mercanc\u00eda refrigerada. Tampoco [\u2026]<\/p>","protected":false},"author":2,"featured_media":2642,"comment_status":"open","ping_status":"open","sticky":false,"template":"","format":"standard","meta":{"_joinchat":[],"footnotes":""},"categories":[12],"tags":[],"class_list":["post-2641","post","type-post","status-publish","format-standard","has-post-thumbnail","hentry","category-vallsmadella"],"acf":[],"_links":{"self":[{"href":"https:\/\/vallsmadella.com\/es\/wp-json\/wp\/v2\/posts\/2641","targetHints":{"allow":["GET"]}}],"collection":[{"href":"https:\/\/vallsmadella.com\/es\/wp-json\/wp\/v2\/posts"}],"about":[{"href":"https:\/\/vallsmadella.com\/es\/wp-json\/wp\/v2\/types\/post"}],"author":[{"embeddable":true,"href":"https:\/\/vallsmadella.com\/es\/wp-json\/wp\/v2\/users\/2"}],"replies":[{"embeddable":true,"href":"https:\/\/vallsmadella.com\/es\/wp-json\/wp\/v2\/comments?post=2641"}],"version-history":[{"count":1,"href":"https:\/\/vallsmadella.com\/es\/wp-json\/wp\/v2\/posts\/2641\/revisions"}],"predecessor-version":[{"id":2643,"href":"https:\/\/vallsmadella.com\/es\/wp-json\/wp\/v2\/posts\/2641\/revisions\/2643"}],"wp:featuredmedia":[{"embeddable":true,"href":"https:\/\/vallsmadella.com\/es\/wp-json\/wp\/v2\/media\/2642"}],"wp:attachment":[{"href":"https:\/\/vallsmadella.com\/es\/wp-json\/wp\/v2\/media?parent=2641"}],"wp:term":[{"taxonomy":"category","embeddable":true,"href":"https:\/\/vallsmadella.com\/es\/wp-json\/wp\/v2\/categories?post=2641"},{"taxonomy":"post_tag","embeddable":true,"href":"https:\/\/vallsmadella.com\/es\/wp-json\/wp\/v2\/tags?post=2641"}],"curies":[{"name":"wp","href":"https:\/\/api.w.org\/{rel}","templated":true}]}}